{"id":2331,"date":"2026-08-31T16:11:07","date_gmt":"2026-08-31T14:11:07","guid":{"rendered":"https:\/\/www.strehle.de\/tim\/?p=2331"},"modified":"2026-08-31T16:11:07","modified_gmt":"2026-08-31T14:11:07","slug":"olivia-samnick-interview-mit-maxim-sergienko-vom-spiegel","status":"publish","type":"post","link":"https:\/\/www.strehle.de\/tim\/weblog\/archives\/2026\/08\/31\/olivia-samnick-interview-mit-maxim-sergienko-vom-spiegel\/","title":{"rendered":"Olivia Samnick: Interview mit Maxim Sergienko vom \u201cSpiegel\u201d"},"content":{"rendered":"\n<p class=\"wp-block-paragraph\">Olivia Samnick im medium magazin \u2013 <a href=\"https:\/\/mediummagazin.de\/news\/beitrag\/1396-maxim-sergienko-vom-quot-spiegel-quot-quot-bei-uns-ist-ein-bild-ein-journalistisches-argument-keine-dekoration-quot.html\">Maxim Sergienko vom \u201cSpiegel\u201d: \u201cBei uns ist ein Bild ein journalistisches Argument, keine Dekoration\u201d<\/a>:<\/p>\n\n\n\n\n<blockquote class=\"wp-block-quote is-layout-flow wp-block-quote-is-layout-flow\">\n<p>\u201eFr\u00fcher fragte man sich: Haben wir die Rechte f\u00fcr dieses Bild? Heute fragt man sich eher: Ist das Bild \u00fcberhaupt echt?\u201c<\/p><p>\u201eEntscheidend ist f\u00fcr uns die Herkunft eines Bildes. Wir m\u00fcssen wissen, wer es erstellt hat, wer es gepr\u00fcft hat und welchen Standards die Quelle folgt. Am Ende wird es darum gehen, ein mehrschichtiges Sicherheitsnetz zu kn\u00fcpfen. Daf\u00fcr entwickeln wir mit Kollegen aus der IT beispielsweise als einen Baustein ein Regelwerk, um Metadaten sehr penibel auszulesen und auszuwerten.\u201c<\/p>\n<\/blockquote>\n","protected":false},"excerpt":{"rendered":"<p>Olivia Samnick im medium magazin \u2013 Maxim Sergienko vom \u201cSpiegel\u201d: \u201cBei uns ist ein Bild ein journalistisches Argument, keine Dekoration\u201d: \u201eFr\u00fcher fragte man sich: Haben wir die Rechte f\u00fcr dieses Bild? Heute fragt man sich eher: Ist das Bild \u00fcberhaupt echt?\u201c \u201eEntscheidend ist f\u00fcr uns die Herkunft eines Bildes. Wir m\u00fcssen wissen, wer es erstellt [&hellip;]<\/p>\n","protected":false},"author":1,"featured_media":0,"comment_status":"closed","ping_status":"","sticky":false,"template":"","format":"standard","meta":{"footnotes":"","_share_on_mastodon":"0"},"categories":[1],"tags":[10],"class_list":["post-2331","post","type-post","status-publish","format-standard","hentry","category-weblog","tag-links"],"share_on_mastodon":{"url":"https:\/\/mastodon.social\/@tistre\/117190522822844215","error":""},"_links":{"self":[{"href":"https:\/\/www.strehle.de\/tim\/wp-json\/wp\/v2\/posts\/2331","targetHints":{"allow":["GET"]}}],"collection":[{"href":"https:\/\/www.strehle.de\/tim\/wp-json\/wp\/v2\/posts"}],"about":[{"href":"https:\/\/www.strehle.de\/tim\/wp-json\/wp\/v2\/types\/post"}],"author":[{"embeddable":true,"href":"https:\/\/www.strehle.de\/tim\/wp-json\/wp\/v2\/users\/1"}],"replies":[{"embeddable":true,"href":"https:\/\/www.strehle.de\/tim\/wp-json\/wp\/v2\/comments?post=2331"}],"version-history":[{"count":1,"href":"https:\/\/www.strehle.de\/tim\/wp-json\/wp\/v2\/posts\/2331\/revisions"}],"predecessor-version":[{"id":2332,"href":"https:\/\/www.strehle.de\/tim\/wp-json\/wp\/v2\/posts\/2331\/revisions\/2332"}],"wp:attachment":[{"href":"https:\/\/www.strehle.de\/tim\/wp-json\/wp\/v2\/media?parent=2331"}],"wp:term":[{"taxonomy":"category","embeddable":true,"href":"https:\/\/www.strehle.de\/tim\/wp-json\/wp\/v2\/categories?post=2331"},{"taxonomy":"post_tag","embeddable":true,"href":"https:\/\/www.strehle.de\/tim\/wp-json\/wp\/v2\/tags?post=2331"}],"curies":[{"name":"wp","href":"https:\/\/api.w.org\/{rel}","templated":true}]}}